{"id":1467,"date":"2026-01-13T09:28:10","date_gmt":"2026-01-13T08:28:10","guid":{"rendered":"https:\/\/mjc-lislesurtarn.org\/?p=1467"},"modified":"2026-04-03T10:23:04","modified_gmt":"2026-04-03T08:23:04","slug":"atelier-danse-parents-enfants","status":"publish","type":"post","link":"https:\/\/mjc-lislesurtarn.org\/index.php\/2026\/01\/13\/atelier-danse-parents-enfants\/","title":{"rendered":"Atelier danse PARENTS &#8211; ENFANTS"},"content":{"rendered":"\n<p>A vos t\u00e9l\u00e9phones &#8230;. n&rsquo;h\u00e9sitez pas \u00e0 appeler le secr\u00e9tariat le mardi ou vendredi pour vous inscrire au stage Lien Parents-enfants avec Marine.<br>Rendez vous le mercredi 22 avril de 10h \u00e0 11h \u00e0 la MJC.<br>05 63 33 31 33 ou par mail : secretariat.mjc81310@gmail.com<\/p>\n\n\n\n<figure class=\"wp-block-gallery has-nested-images columns-default is-cropped wp-block-gallery-1 is-layout-flex wp-block-gallery-is-layout-flex\">\n<figure class=\"wp-block-image size-large\"><img loading=\"lazy\" decoding=\"async\" width=\"724\" height=\"1024\" data-id=\"1494\" src=\"https:\/\/mjc-lislesurtarn.org\/wp-content\/uploads\/2026\/01\/recto-724x1024.jpeg\" alt=\"\" class=\"wp-image-1494\" srcset=\"https:\/\/mjc-lislesurtarn.org\/wp-content\/uploads\/2026\/01\/recto-724x1024.jpeg 724w, https:\/\/mjc-lislesurtarn.org\/wp-content\/uploads\/2026\/01\/recto-212x300.jpeg 212w, https:\/\/mjc-lislesurtarn.org\/wp-content\/uploads\/2026\/01\/recto-768x1086.jpeg 768w, https:\/\/mjc-lislesurtarn.org\/wp-content\/uploads\/2026\/01\/recto-1086x1536.jpeg 1086w, https:\/\/mjc-lislesurtarn.org\/wp-content\/uploads\/2026\/01\/recto.jpeg 1131w\" sizes=\"auto, (max-width: 724px) 100vw, 724px\" \/><\/figure>\n\n\n\n<figure class=\"wp-block-image size-large\"><img loading=\"lazy\" decoding=\"async\" width=\"724\" height=\"1024\" data-id=\"1495\" src=\"https:\/\/mjc-lislesurtarn.org\/wp-content\/uploads\/2026\/01\/verso-724x1024.jpeg\" alt=\"\" class=\"wp-image-1495\" srcset=\"https:\/\/mjc-lislesurtarn.org\/wp-content\/uploads\/2026\/01\/verso-724x1024.jpeg 724w, https:\/\/mjc-lislesurtarn.org\/wp-content\/uploads\/2026\/01\/verso-212x300.jpeg 212w, https:\/\/mjc-lislesurtarn.org\/wp-content\/uploads\/2026\/01\/verso-768x1086.jpeg 768w, https:\/\/mjc-lislesurtarn.org\/wp-content\/uploads\/2026\/01\/verso-1086x1536.jpeg 1086w, https:\/\/mjc-lislesurtarn.org\/wp-content\/uploads\/2026\/01\/verso.jpeg 1131w\" sizes=\"auto, (max-width: 724px) 100vw, 724px\" \/><\/figure>\n<\/figure>\n","protected":false},"excerpt":{"rendered":"<p>A vos t\u00e9l\u00e9phones &#8230;. n&rsquo;h\u00e9sitez pas \u00e0 appeler le secr\u00e9tariat le mardi ou vendredi pour vous inscrire au stage Lien Parents-enfants avec Marine.Rendez vous le [&#8230;]<\/p>\n","protected":false},"author":1,"featured_media":0,"comment_status":"open","ping_status":"open","sticky":false,"template":"","format":"standard","meta":{"footnotes":""},"categories":[1],"tags":[],"class_list":["post-1467","post","type-post","status-publish","format-standard","hentry","category-non-classe"],"_links":{"self":[{"href":"https:\/\/mjc-lislesurtarn.org\/index.php\/wp-json\/wp\/v2\/posts\/1467","targetHints":{"allow":["GET"]}}],"collection":[{"href":"https:\/\/mjc-lislesurtarn.org\/index.php\/wp-json\/wp\/v2\/posts"}],"about":[{"href":"https:\/\/mjc-lislesurtarn.org\/index.php\/wp-json\/wp\/v2\/types\/post"}],"author":[{"embeddable":true,"href":"https:\/\/mjc-lislesurtarn.org\/index.php\/wp-json\/wp\/v2\/users\/1"}],"replies":[{"embeddable":true,"href":"https:\/\/mjc-lislesurtarn.org\/index.php\/wp-json\/wp\/v2\/comments?post=1467"}],"version-history":[{"count":3,"href":"https:\/\/mjc-lislesurtarn.org\/index.php\/wp-json\/wp\/v2\/posts\/1467\/revisions"}],"predecessor-version":[{"id":1497,"href":"https:\/\/mjc-lislesurtarn.org\/index.php\/wp-json\/wp\/v2\/posts\/1467\/revisions\/1497"}],"wp:attachment":[{"href":"https:\/\/mjc-lislesurtarn.org\/index.php\/wp-json\/wp\/v2\/media?parent=1467"}],"wp:term":[{"taxonomy":"category","embeddable":true,"href":"https:\/\/mjc-lislesurtarn.org\/index.php\/wp-json\/wp\/v2\/categories?post=1467"},{"taxonomy":"post_tag","embeddable":true,"href":"https:\/\/mjc-lislesurtarn.org\/index.php\/wp-json\/wp\/v2\/tags?post=1467"}],"curies":[{"name":"wp","href":"https:\/\/api.w.org\/{rel}","templated":true}]}}