{"id":1254,"date":"2025-06-20T15:22:14","date_gmt":"2025-06-20T13:22:14","guid":{"rendered":"https:\/\/mjc-lislesurtarn.org\/?p=1254"},"modified":"2025-09-09T11:08:37","modified_gmt":"2025-09-09T09:08:37","slug":"nouvelle-plaquette-saison-2025-2026","status":"publish","type":"post","link":"https:\/\/mjc-lislesurtarn.org\/index.php\/2025\/06\/20\/nouvelle-plaquette-saison-2025-2026\/","title":{"rendered":"Nouvelle plaquette saison 2025-2026"},"content":{"rendered":"\n<p>Nombreux et nombreuses sont celles et ceux qui l&rsquo;attendaient avec impatience. Apr\u00e8s de long mois de pr\u00e9paration LA VOICI notre nouvelle plaquette pour les activit\u00e9s qui se d\u00e9rouleront \u00e0 la MJC d\u00e8s le 08 septembre 2025. Et comme la rentr\u00e9e est source de course contre la montre aux inscriptions diverses, nous vous proposons cette ann\u00e9e de venir vous inscrire d\u00e8s le mardi 01 juillet au bureau \u00e0 la MJC.<\/p>\n\n\n\n<p>Inscription le mardi ou vendredi de 9h \u00e0 12h15 et de 14h \u00e0 16h30 tout le mois de juillet et d\u00e8s le 02 septembre.                                     T\u00e9l\u00e9chargez la fiche d&rsquo;inscription et la plaquette ci dessous ou dans l&rsquo;onglet INSCRIPTIONS. A tr\u00e8s vite <\/p>\n\n\n\n<p>Enfants, adolescents et adultes, de nouvelles activit\u00e9s vous attendent. N&rsquo;h\u00e9sitez pas \u00e0 venir consulter nos flyers dans les locaux de la MJC. Nous esp\u00e9rons vous voir nombreux et nombreuses. A tr\u00e8s vite. <\/p>\n\n\n\n<div data-wp-interactive=\"core\/file\" class=\"wp-block-file\"><object data-wp-bind--hidden=\"!state.hasPdfPreview\" hidden class=\"wp-block-file__embed\" data=\"https:\/\/mjc-lislesurtarn.org\/wp-content\/uploads\/2025\/06\/Plaquette-activites-saison-2025-2026-5.pdf\" type=\"application\/pdf\" style=\"width:100%;height:600px\" aria-label=\"Contenu embarqu\u00e9 Plaquette activit\u00e9s saison 2025  2026.\"><\/object><a id=\"wp-block-file--media-97478c97-4c25-4327-a154-622fa9b9a271\" href=\"https:\/\/mjc-lislesurtarn.org\/wp-content\/uploads\/2025\/06\/Plaquette-activites-saison-2025-2026-5.pdf\">Plaquette activit\u00e9s saison 2025  2026<\/a><a href=\"https:\/\/mjc-lislesurtarn.org\/wp-content\/uploads\/2025\/06\/Plaquette-activites-saison-2025-2026-5.pdf\" class=\"wp-block-file__button wp-element-button\" download aria-describedby=\"wp-block-file--media-97478c97-4c25-4327-a154-622fa9b9a271\">T\u00e9l\u00e9charger<\/a><\/div>\n","protected":false},"excerpt":{"rendered":"<p>Nombreux et nombreuses sont celles et ceux qui l&rsquo;attendaient avec impatience. Apr\u00e8s de long mois de pr\u00e9paration LA VOICI notre nouvelle plaquette pour les activit\u00e9s [&#8230;]<\/p>\n","protected":false},"author":1,"featured_media":0,"comment_status":"open","ping_status":"open","sticky":false,"template":"","format":"standard","meta":{"footnotes":""},"categories":[1],"tags":[],"class_list":["post-1254","post","type-post","status-publish","format-standard","hentry","category-non-classe"],"_links":{"self":[{"href":"https:\/\/mjc-lislesurtarn.org\/index.php\/wp-json\/wp\/v2\/posts\/1254","targetHints":{"allow":["GET"]}}],"collection":[{"href":"https:\/\/mjc-lislesurtarn.org\/index.php\/wp-json\/wp\/v2\/posts"}],"about":[{"href":"https:\/\/mjc-lislesurtarn.org\/index.php\/wp-json\/wp\/v2\/types\/post"}],"author":[{"embeddable":true,"href":"https:\/\/mjc-lislesurtarn.org\/index.php\/wp-json\/wp\/v2\/users\/1"}],"replies":[{"embeddable":true,"href":"https:\/\/mjc-lislesurtarn.org\/index.php\/wp-json\/wp\/v2\/comments?post=1254"}],"version-history":[{"count":6,"href":"https:\/\/mjc-lislesurtarn.org\/index.php\/wp-json\/wp\/v2\/posts\/1254\/revisions"}],"predecessor-version":[{"id":1439,"href":"https:\/\/mjc-lislesurtarn.org\/index.php\/wp-json\/wp\/v2\/posts\/1254\/revisions\/1439"}],"wp:attachment":[{"href":"https:\/\/mjc-lislesurtarn.org\/index.php\/wp-json\/wp\/v2\/media?parent=1254"}],"wp:term":[{"taxonomy":"category","embeddable":true,"href":"https:\/\/mjc-lislesurtarn.org\/index.php\/wp-json\/wp\/v2\/categories?post=1254"},{"taxonomy":"post_tag","embeddable":true,"href":"https:\/\/mjc-lislesurtarn.org\/index.php\/wp-json\/wp\/v2\/tags?post=1254"}],"curies":[{"name":"wp","href":"https:\/\/api.w.org\/{rel}","templated":true}]}}